{"id":1075,"date":"2018-03-22T10:30:15","date_gmt":"2018-03-22T10:30:15","guid":{"rendered":"http:\/\/pastoraldasaudecnbb.com.br\/?p=1075"},"modified":"2018-03-22T10:30:15","modified_gmt":"2018-03-22T10:30:15","slug":"pastoral-da-saude-se-faz-presente-na-1a-conferencia-nacional-de-vigilancia-em-saude","status":"publish","type":"post","link":"https:\/\/wordpresswolf.woodwolf.com.br\/wp\/pastoral-da-saude-se-faz-presente-na-1a-conferencia-nacional-de-vigilancia-em-saude\/","title":{"rendered":"Pastoral da Sa\u00fade se faz presente na 1\u00aa Confer\u00eancia Nacional de Vigil\u00e2ncia em Sa\u00fade"},"content":{"rendered":"<p dir=\"ltr\" id=\"docs-internal-guid-5e9d86c8-4d3d-dd4c-f8aa-0bdd6f35b430\" style=\"line-height: 1.2; margin-top: 5pt; margin-bottom: 5pt;\"><span style=\"font-size: 12pt; font-family: 'TimesNewRoman'; color: #000000; background-color: transparent; font-weight: 400; font-style: normal; font-variant: normal; text-decoration: none; vertical-align: baseline; white-space: pre-wrap;\">O Conselho Nacional de Sa\u00fade (CNS) apresentou, nesta quinta (01\/03), durante a 1\u00aa Confer\u00eancia Nacional de Vigil\u00e2ncia em Sa\u00fade (CNVS), uma extensa agenda de mobiliza\u00e7\u00e3o para a 16\u00aa Confer\u00eancia Nacional de Sa\u00fade, prevista para 2019. Entre os destaques, est\u00e3o a participa\u00e7\u00e3o do \u00f3rg\u00e3o no F\u00f3rum Social Mundial (FSM), que ser\u00e1 realizado em Salvador, de 13 a 17 de mar\u00e7o, e a realiza\u00e7\u00e3o da Semana da Sa\u00fade, com a\u00e7\u00f5es previstas para todo o pa\u00eds, de 2 a 7 de abril.<\/span><\/p>\n<p><img loading=\"lazy\" decoding=\"async\" class=\"wp-image-1077 size-full aligncenter\" src=\"http:\/\/pastoraldasaudecnbb.com.br\/wp-content\/uploads\/2018\/03\/IMG-20180301-WA0006.jpg\" width=\"500\" height=\"281\" srcset=\"https:\/\/wordpresswolf.woodwolf.com.br\/wp\/wp-content\/uploads\/2018\/03\/IMG-20180301-WA0006.jpg 500w, https:\/\/wordpresswolf.woodwolf.com.br\/wp\/wp-content\/uploads\/2018\/03\/IMG-20180301-WA0006-300x169.jpg 300w\" sizes=\"auto, (max-width: 500px) 100vw, 500px\" \/><\/p>\n<p dir=\"ltr\" style=\"line-height: 1.2; margin-top: 5pt; margin-bottom: 5pt;\"><span style=\"font-size: 12pt; font-family: 'TimesNewRoman'; color: #000000; background-color: transparent; font-weight: 400; font-style: normal; font-variant: normal; text-decoration: none; vertical-align: baseline; white-space: pre-wrap;\">O tema proposto para a 16\u00aa Confer\u00eancia Nacional de Sa\u00fade \u00e9 \u201c8\u00aa + 8 = 16\u00aa\u201d &#8211; uma refer\u00eancia \u00e0 8\u00aa Confer\u00eancia, realizada em 1986 e considerada um marco na hist\u00f3ria das confer\u00eancias. Isso porque ela foi a primeira, em \u00e2mbito nacional, aberta \u00e0 sociedade. O resultado do evento gerou as bases para a se\u00e7\u00e3o \u201cDa Sa\u00fade\u201d da Constitui\u00e7\u00e3o de 1988, que consolidou o Sistema \u00danico de Sa\u00fade (SUS).<\/span><\/p>\n<p dir=\"ltr\" style=\"line-height: 1.2; margin-top: 5pt; margin-bottom: 5pt;\"><span style=\"font-size: 12pt; font-family: 'TimesNewRoman'; color: #000000; background-color: transparent; font-weight: 400; font-style: normal; font-variant: normal; text-decoration: none; vertical-align: baseline; white-space: pre-wrap;\">De acordo com o presidente do CNS, Ronald dos Santos, o objetivo agora \u00e9 retomar bandeiras da 8\u00aa Confer\u00eancia, como a da luta pela integralidade do SUS, e somar a elas as demandas que a sociedade apontou nos \u00faltimos oito anos como, por exemplo, a quest\u00e3o da sa\u00fade mental, da aten\u00e7\u00e3o b\u00e1sica, da pessoa com defici\u00eancia, da sa\u00fade ind\u00edgena.<\/span><\/p>\n<p><img loading=\"lazy\" decoding=\"async\" class=\"wp-image-1071 size-full aligncenter\" src=\"http:\/\/pastoraldasaudecnbb.com.br\/wp-content\/uploads\/2018\/03\/IMG-20180301-WA0007-1.jpg\" width=\"500\" height=\"281\" srcset=\"https:\/\/wordpresswolf.woodwolf.com.br\/wp\/wp-content\/uploads\/2018\/03\/IMG-20180301-WA0007-1.jpg 500w, https:\/\/wordpresswolf.woodwolf.com.br\/wp\/wp-content\/uploads\/2018\/03\/IMG-20180301-WA0007-1-300x169.jpg 300w\" sizes=\"auto, (max-width: 500px) 100vw, 500px\" \/><\/p>\n<p dir=\"ltr\" style=\"line-height: 1.2; margin-top: 5pt; margin-bottom: 5pt;\"><span style=\"font-size: 12pt; font-family: 'TimesNewRoman'; color: #000000; background-color: transparent; font-weight: 400; font-style: normal; font-variant: normal; text-decoration: none; vertical-align: baseline; white-space: pre-wrap;\">\u201cA 16\u00aa \u00e9 este esfor\u00e7o de integra\u00e7\u00e3o do protagonismo de usu\u00e1rios e trabalhadores para que possamos oferecer \u00e0 sociedade estrat\u00e9gias e meios para que esta conquista civilizat\u00f3ria que o Brasil apresentou ao mundo, o SUS, possa ser preservada e desenvolvida\u201d, afirmou.<\/span><\/p>\n<p dir=\"ltr\" style=\"line-height: 1.2; margin-top: 5pt; margin-bottom: 5pt;\"><span style=\"font-size: 12pt; font-family: 'TimesNewRoman'; color: #000000; background-color: transparent; font-weight: 400; font-style: normal; font-variant: normal; text-decoration: none; vertical-align: baseline; white-space: pre-wrap;\">Para o presidente do CNS, a agenda mobilizadora apresentada procura articular os dois principais instrumentos de que o SUS disp\u00f5e para manter sua gest\u00e3o participativa: os conselhos e confer\u00eancias. Segundo ele, s\u00e3o estes dois instrumentos que permitem que a gest\u00e3o do SUS n\u00e3o fique restrita apenas a gestores, administradores e acad\u00eamicos, mas tamb\u00e9m possa ser executada por usu\u00e1rios e trabalhadores da sa\u00fade.<\/span><\/p>\n<p><img loading=\"lazy\" decoding=\"async\" class=\"wp-image-1072 size-full aligncenter\" src=\"http:\/\/pastoraldasaudecnbb.com.br\/wp-content\/uploads\/2018\/03\/IMG-20180302-WA0003-1.jpg\" width=\"500\" height=\"375\" srcset=\"https:\/\/wordpresswolf.woodwolf.com.br\/wp\/wp-content\/uploads\/2018\/03\/IMG-20180302-WA0003-1.jpg 500w, https:\/\/wordpresswolf.woodwolf.com.br\/wp\/wp-content\/uploads\/2018\/03\/IMG-20180302-WA0003-1-300x225.jpg 300w\" sizes=\"auto, (max-width: 500px) 100vw, 500px\" \/><\/p>\n<p dir=\"ltr\" style=\"line-height: 1.2; margin-top: 5pt; margin-bottom: 5pt;\"><span style=\"font-size: 12pt; font-family: 'TimesNewRoman'; color: #000000; background-color: transparent; font-weight: 400; font-style: normal; font-variant: normal; text-decoration: none; vertical-align: baseline; white-space: pre-wrap;\">Ronald dos Santos ressalta que, neste momento de retrocessos e retiradas de direitos, a mobiliza\u00e7\u00e3o da sociedade \u00e9 fundamental para defender o SUS. \u201cA 16\u00aa Confer\u00eancia Nacional de Sa\u00fade ganha centralidade neste momento para capturar a for\u00e7a e a energia da sociedade, com seus diferentes atores, para colocar em curso \u00e0 resist\u00eancia ao desmonte da sa\u00fade p\u00fablica\u201d, defende.<\/span><\/p>\n<p dir=\"ltr\" style=\"line-height: 1.2; margin-top: 5pt; margin-bottom: 5pt;\"><span style=\"font-size: 12pt; font-family: 'TimesNewRoman'; color: #000000; background-color: transparent; font-weight: 700; font-style: normal; font-variant: normal; text-decoration: none; vertical-align: baseline; white-space: pre-wrap;\">Contra a EC 95<\/span><\/p>\n<p dir=\"ltr\" style=\"line-height: 1.2; margin-top: 5pt; margin-bottom: 5pt;\"><span style=\"font-size: 12pt; font-family: 'TimesNewRoman'; color: #000000; background-color: transparent; font-weight: 400; font-style: normal; font-variant: normal; text-decoration: none; vertical-align: baseline; white-space: pre-wrap;\">O conselheiro nacional de sa\u00fade e representante da Articula\u00e7\u00e3o Nacional de Luta contra Aids (Anaids), Mois\u00e9s Toniolo, orientou os conselheiros estaduais e municipais que participam da confer\u00eancia a recolherem assinaturas para o abaixo-assinado articulado pelo CNS contra a Emenda Constitucional n\u00ba 95, que congela os gastos sociais por 20 anos.<\/span><\/p>\n<p><img loading=\"lazy\" decoding=\"async\" class=\"wp-image-1073 size-full aligncenter\" src=\"http:\/\/pastoraldasaudecnbb.com.br\/wp-content\/uploads\/2018\/03\/IMG-20180301-WA0004-1.jpg\" width=\"500\" height=\"281\" srcset=\"https:\/\/wordpresswolf.woodwolf.com.br\/wp\/wp-content\/uploads\/2018\/03\/IMG-20180301-WA0004-1.jpg 500w, https:\/\/wordpresswolf.woodwolf.com.br\/wp\/wp-content\/uploads\/2018\/03\/IMG-20180301-WA0004-1-300x169.jpg 300w\" sizes=\"auto, (max-width: 500px) 100vw, 500px\" \/><\/p>\n<p dir=\"ltr\" style=\"line-height: 1.2; margin-top: 5pt; margin-bottom: 5pt;\"><span style=\"font-size: 12pt; font-family: 'TimesNewRoman'; color: #000000; background-color: transparent; font-weight: 400; font-style: normal; font-variant: normal; text-decoration: none; vertical-align: baseline; white-space: pre-wrap;\">De acordo com ele, o abaixo assinado ser\u00e1 anexado \u00e0 A\u00e7\u00e3o Direta de Inconstitucionalidade (ADI) que questiona a EC 95 no Supremo Tribunal Federal (STF), durante a Semana da Sa\u00fade. \u201cN\u00f3s precisamos que cada conselheiro saia coletando assinaturas em todos os eventos que participar, porque \u00e9 papel de cada conselheiro mobilizar n\u00e3o apenas seu conselho, mas toda a sociedade\u201d, afirmou.<\/span><\/p>\n<p dir=\"ltr\" style=\"line-height: 1.2; margin-top: 5pt; margin-bottom: 5pt;\"><span style=\"font-size: 12pt; font-family: 'TimesNewRoman'; color: #000000; background-color: transparent; font-weight: 400; font-style: normal; font-variant: normal; text-decoration: none; vertical-align: baseline; white-space: pre-wrap;\">Para o coordenador da pastoral da sa\u00fade nacional-CNBB e Membro da comiss\u00e3o organizadora da 1\u00aa CNVS\/CNS Alex Motta, o objetivo principal de todo este processo \u00e9 defender o SUS porque, quando se faz esta defesa, todas as demais quest\u00f5es s\u00e3o contempladas. \u201cQuando a gente defende o SUS, defendemos tamb\u00e9m seu financiamento e a participa\u00e7\u00e3o popular nas defini\u00e7\u00f5es dos seus princ\u00edpios. A partir do momento em que o SUS fica fr\u00e1gil, todo o resto se fragiliza tamb\u00e9m\u201d, \u00e9 importante essa mobiliza\u00e7\u00e3o de todos os segmentos da sociedade, em que nos unimos para trazermos nossas necessidade na busca de um SUS igualit\u00e1rio sem distin\u00e7\u00e3o, justificou.<\/span><\/p>\n","protected":false},"excerpt":{"rendered":"<p>O Conselho Nacional de Sa\u00fade (CNS) apresentou, nesta quinta (01\/03), durante a 1\u00aa Confer\u00eancia Nacional de Vigil\u00e2ncia em Sa\u00fade (CNVS), uma extensa agenda de mobiliza\u00e7\u00e3o para a 16\u00aa Confer\u00eancia Nacional de Sa\u00fade, prevista para 2019. Entre os destaques, est\u00e3o a participa\u00e7\u00e3o do \u00f3rg\u00e3o no F\u00f3rum Social Mundial (FSM), que ser\u00e1 realizado em Salvador, de 13 a 17 de mar\u00e7o, e a realiza\u00e7\u00e3o da Semana da Sa\u00fade, com a\u00e7\u00f5es previstas para todo o pa\u00eds, de 2 a 7 de abril. O tema proposto para a 16\u00aa Confer\u00eancia Nacional de Sa\u00fade \u00e9 \u201c8\u00aa + 8 = 16\u00aa\u201d &#8211; uma refer\u00eancia \u00e0 8\u00aa\u2026<\/p>\n","protected":false},"author":1,"featured_media":1074,"comment_status":"open","ping_status":"open","sticky":false,"template":"","format":"standard","meta":{"footnotes":""},"categories":[52],"tags":[57,182,183,184],"class_list":["post-1075","post","type-post","status-publish","format-standard","has-post-thumbnail","hentry","category-noticias","tag-cns","tag-conferencia","tag-dimensao-politico-institucional","tag-vigilancia-em-saude"],"blocksy_meta":{"styles_descriptor":{"styles":{"desktop":"","tablet":"","mobile":""},"google_fonts":[],"version":4}},"featured_image_urls":{"full":["https:\/\/wordpresswolf.woodwolf.com.br\/wp\/wp-content\/uploads\/2018\/03\/IMG-20180301-WA0006-2.jpg",500,281,false],"thumbnail":["https:\/\/wordpresswolf.woodwolf.com.br\/wp\/wp-content\/uploads\/2018\/03\/IMG-20180301-WA0006-2-150x150.jpg",150,150,true],"medium":["https:\/\/wordpresswolf.woodwolf.com.br\/wp\/wp-content\/uploads\/2018\/03\/IMG-20180301-WA0006-2-300x169.jpg",300,169,true],"medium_large":["https:\/\/wordpresswolf.woodwolf.com.br\/wp\/wp-content\/uploads\/2018\/03\/IMG-20180301-WA0006-2.jpg",500,281,false],"large":["https:\/\/wordpresswolf.woodwolf.com.br\/wp\/wp-content\/uploads\/2018\/03\/IMG-20180301-WA0006-2.jpg",500,281,false],"1536x1536":["https:\/\/wordpresswolf.woodwolf.com.br\/wp\/wp-content\/uploads\/2018\/03\/IMG-20180301-WA0006-2.jpg",500,281,false],"2048x2048":["https:\/\/wordpresswolf.woodwolf.com.br\/wp\/wp-content\/uploads\/2018\/03\/IMG-20180301-WA0006-2.jpg",500,281,false],"woocommerce_thumbnail":["https:\/\/wordpresswolf.woodwolf.com.br\/wp\/wp-content\/uploads\/2018\/03\/IMG-20180301-WA0006-2-300x281.jpg",300,281,true],"woocommerce_single":["https:\/\/wordpresswolf.woodwolf.com.br\/wp\/wp-content\/uploads\/2018\/03\/IMG-20180301-WA0006-2.jpg",500,281,false],"woocommerce_gallery_thumbnail":["https:\/\/wordpresswolf.woodwolf.com.br\/wp\/wp-content\/uploads\/2018\/03\/IMG-20180301-WA0006-2-100x100.jpg",100,100,true],"shop_catalog":["https:\/\/wordpresswolf.woodwolf.com.br\/wp\/wp-content\/uploads\/2018\/03\/IMG-20180301-WA0006-2-300x281.jpg",300,281,true],"shop_single":["https:\/\/wordpresswolf.woodwolf.com.br\/wp\/wp-content\/uploads\/2018\/03\/IMG-20180301-WA0006-2.jpg",500,281,false],"shop_thumbnail":["https:\/\/wordpresswolf.woodwolf.com.br\/wp\/wp-content\/uploads\/2018\/03\/IMG-20180301-WA0006-2-100x100.jpg",100,100,true]},"post_excerpt_stackable":"<p>O Conselho Nacional de Sa\u00fade (CNS) apresentou, nesta quinta (01\/03), durante a 1\u00aa Confer\u00eancia Nacional de Vigil\u00e2ncia em Sa\u00fade (CNVS), uma extensa agenda de mobiliza\u00e7\u00e3o para a 16\u00aa Confer\u00eancia Nacional de Sa\u00fade, prevista para 2019. Entre os destaques, est\u00e3o a participa\u00e7\u00e3o do \u00f3rg\u00e3o no F\u00f3rum Social Mundial (FSM), que ser\u00e1 realizado em Salvador, de 13 a 17 de mar\u00e7o, e a realiza\u00e7\u00e3o da Semana da Sa\u00fade, com a\u00e7\u00f5es previstas para todo o pa\u00eds, de 2 a 7 de abril. O tema proposto para a 16\u00aa Confer\u00eancia Nacional de Sa\u00fade \u00e9 \u201c8\u00aa + 8 = 16\u00aa\u201d &#8211; uma refer\u00eancia \u00e0 8\u00aa&hellip;<\/p>\n","category_list":"<a href=\"https:\/\/wordpresswolf.woodwolf.com.br\/wp\/category\/noticias\/\" rel=\"category tag\">Not\u00edcias<\/a>","author_info":{"name":"admin","url":"https:\/\/wordpresswolf.woodwolf.com.br\/wp\/author\/admin\/"},"comments_num":"0 coment\u00e1rio","featured_image_urls_v2":{"full":["https:\/\/wordpresswolf.woodwolf.com.br\/wp\/wp-content\/uploads\/2018\/03\/IMG-20180301-WA0006-2.jpg",500,281,false],"thumbnail":["https:\/\/wordpresswolf.woodwolf.com.br\/wp\/wp-content\/uploads\/2018\/03\/IMG-20180301-WA0006-2-150x150.jpg",150,150,true],"medium":["https:\/\/wordpresswolf.woodwolf.com.br\/wp\/wp-content\/uploads\/2018\/03\/IMG-20180301-WA0006-2-300x169.jpg",300,169,true],"medium_large":["https:\/\/wordpresswolf.woodwolf.com.br\/wp\/wp-content\/uploads\/2018\/03\/IMG-20180301-WA0006-2.jpg",500,281,false],"large":["https:\/\/wordpresswolf.woodwolf.com.br\/wp\/wp-content\/uploads\/2018\/03\/IMG-20180301-WA0006-2.jpg",500,281,false],"1536x1536":["https:\/\/wordpresswolf.woodwolf.com.br\/wp\/wp-content\/uploads\/2018\/03\/IMG-20180301-WA0006-2.jpg",500,281,false],"2048x2048":["https:\/\/wordpresswolf.woodwolf.com.br\/wp\/wp-content\/uploads\/2018\/03\/IMG-20180301-WA0006-2.jpg",500,281,false],"woocommerce_thumbnail":["https:\/\/wordpresswolf.woodwolf.com.br\/wp\/wp-content\/uploads\/2018\/03\/IMG-20180301-WA0006-2-300x281.jpg",300,281,true],"woocommerce_single":["https:\/\/wordpresswolf.woodwolf.com.br\/wp\/wp-content\/uploads\/2018\/03\/IMG-20180301-WA0006-2.jpg",500,281,false],"woocommerce_gallery_thumbnail":["https:\/\/wordpresswolf.woodwolf.com.br\/wp\/wp-content\/uploads\/2018\/03\/IMG-20180301-WA0006-2-100x100.jpg",100,100,true],"shop_catalog":["https:\/\/wordpresswolf.woodwolf.com.br\/wp\/wp-content\/uploads\/2018\/03\/IMG-20180301-WA0006-2-300x281.jpg",300,281,true],"shop_single":["https:\/\/wordpresswolf.woodwolf.com.br\/wp\/wp-content\/uploads\/2018\/03\/IMG-20180301-WA0006-2.jpg",500,281,false],"shop_thumbnail":["https:\/\/wordpresswolf.woodwolf.com.br\/wp\/wp-content\/uploads\/2018\/03\/IMG-20180301-WA0006-2-100x100.jpg",100,100,true]},"post_excerpt_stackable_v2":"<p>O Conselho Nacional de Sa\u00fade (CNS) apresentou, nesta quinta (01\/03), durante a 1\u00aa Confer\u00eancia Nacional de Vigil\u00e2ncia em Sa\u00fade (CNVS), uma extensa agenda de mobiliza\u00e7\u00e3o para a 16\u00aa Confer\u00eancia Nacional de Sa\u00fade, prevista para 2019. Entre os destaques, est\u00e3o a participa\u00e7\u00e3o do \u00f3rg\u00e3o no F\u00f3rum Social Mundial (FSM), que ser\u00e1 realizado em Salvador, de 13 a 17 de mar\u00e7o, e a realiza\u00e7\u00e3o da Semana da Sa\u00fade, com a\u00e7\u00f5es previstas para todo o pa\u00eds, de 2 a 7 de abril. O tema proposto para a 16\u00aa Confer\u00eancia Nacional de Sa\u00fade \u00e9 \u201c8\u00aa + 8 = 16\u00aa\u201d &#8211; uma refer\u00eancia \u00e0 8\u00aa&hellip;<\/p>\n","category_list_v2":"<a href=\"https:\/\/wordpresswolf.woodwolf.com.br\/wp\/category\/noticias\/\" rel=\"category tag\">Not\u00edcias<\/a>","author_info_v2":{"name":"admin","url":"https:\/\/wordpresswolf.woodwolf.com.br\/wp\/author\/admin\/"},"comments_num_v2":"0 coment\u00e1rio","_links":{"self":[{"href":"https:\/\/wordpresswolf.woodwolf.com.br\/wp\/wp-json\/wp\/v2\/posts\/1075","targetHints":{"allow":["GET"]}}],"collection":[{"href":"https:\/\/wordpresswolf.woodwolf.com.br\/wp\/wp-json\/wp\/v2\/posts"}],"about":[{"href":"https:\/\/wordpresswolf.woodwolf.com.br\/wp\/wp-json\/wp\/v2\/types\/post"}],"author":[{"embeddable":true,"href":"https:\/\/wordpresswolf.woodwolf.com.br\/wp\/wp-json\/wp\/v2\/users\/1"}],"replies":[{"embeddable":true,"href":"https:\/\/wordpresswolf.woodwolf.com.br\/wp\/wp-json\/wp\/v2\/comments?post=1075"}],"version-history":[{"count":0,"href":"https:\/\/wordpresswolf.woodwolf.com.br\/wp\/wp-json\/wp\/v2\/posts\/1075\/revisions"}],"wp:featuredmedia":[{"embeddable":true,"href":"https:\/\/wordpresswolf.woodwolf.com.br\/wp\/wp-json\/wp\/v2\/media\/1074"}],"wp:attachment":[{"href":"https:\/\/wordpresswolf.woodwolf.com.br\/wp\/wp-json\/wp\/v2\/media?parent=1075"}],"wp:term":[{"taxonomy":"category","embeddable":true,"href":"https:\/\/wordpresswolf.woodwolf.com.br\/wp\/wp-json\/wp\/v2\/categories?post=1075"},{"taxonomy":"post_tag","embeddable":true,"href":"https:\/\/wordpresswolf.woodwolf.com.br\/wp\/wp-json\/wp\/v2\/tags?post=1075"}],"curies":[{"name":"wp","href":"https:\/\/api.w.org\/{rel}","templated":true}]}}