{"id":1031,"date":"2018-03-06T10:24:39","date_gmt":"2018-03-06T10:24:39","guid":{"rendered":"http:\/\/pastoraldasaudecnbb.com.br\/?p=1031"},"modified":"2018-03-06T10:24:39","modified_gmt":"2018-03-06T10:24:39","slug":"papa-institui-a-memoria-de-maria-mae-da-igreja-no-calendario-liturgico","status":"publish","type":"post","link":"https:\/\/wordpresswolf.woodwolf.com.br\/wp\/papa-institui-a-memoria-de-maria-mae-da-igreja-no-calendario-liturgico\/","title":{"rendered":"Papa institui a Mem\u00f3ria de Maria &#8220;M\u00e3e da Igreja&#8221; no calend\u00e1rio lit\u00fargico"},"content":{"rendered":"<header id=\"header-main\" class=\"header-main header-main--fixed\" data-label-close=\"Fechar\">\n<div class=\"header-main__container\">\n<nav class=\"header-main__nav\">\n<div class=\"navBtn\"><span style=\"font-size: 1.0625rem;\">Mem\u00f3ria de Maria, M\u00e3e da Igreja, ser\u00e1 celebra todos os anos na Segunda-feira depois de Pentecostes.<\/span><\/div>\n<\/nav>\n<\/div>\n<\/header>\n<div id=\"main-container\" class=\"container\">\n<div class=\"content__inner content__inner--hasSidebar\">\n<article class=\"article\">\n<div class=\"title__separator\"><\/div>\n<div class=\"article__text\">\n<p><b>Cidade do Vaticano &#8211; 3 de mar\u00e7o de 2018<\/b><\/p>\n<p>Com um Decreto publicado este s\u00e1bado, 03 de mar\u00e7o, pela Congrega\u00e7\u00e3o do Culto Divino e da Disciplina dos Sacramentos, o Papa Francisco determinou a inscri\u00e7\u00e3o da Mem\u00f3ria da \u201cBem-aventurada Virgem, M\u00e3e da Igreja\u201d no Calend\u00e1rio Romano Geral. Esta mem\u00f3ria ser\u00e1 celebrada todos os anos na Segunda-feira depois de Pentecostes.<\/p>\n<p>O motivo da celebra\u00e7\u00e3o est\u00e1 brevemente descrito no Decreto &#8220;Ecclesia Mater&#8221;: favorecer o crescimento do sentido materno da Igreja nos Pastores, nos religiosos e nos fi\u00e9is, como, tamb\u00e9m, da genu\u00edna piedade mariana.<\/p>\n<p>\u201cEsta celebra\u00e7\u00e3o ajudar\u00e1 a lembrar que a vida crist\u00e3, para crescer, deve ser ancorada no mist\u00e9rio da Cruz, na obla\u00e7\u00e3o de Cristo no convite eucar\u00edstico e na Virgem oferente, M\u00e3e do Redentor e dos redimidos\u201d, l\u00ea-se ainda no Decreto, assinado pelo Prefeito do Dicast\u00e9rio, o Card. Robert Sarah.<\/p>\n<h2>Tradu\u00e7\u00f5es<\/h2>\n<p>Em anexo ao decreto, foram apresentados, em latim, os respectivos textos lit\u00fargicos, para a Missa, o Of\u00edcio Divino e para o Martirol\u00f3gio Romano. As Confer\u00eancias Episcopais providenciar\u00e3o a tradu\u00e7\u00e3o e aprova\u00e7\u00e3o dos textos, que depois de confirmados, ser\u00e3o publicados nos livros lit\u00fargicos da sua jurisdi\u00e7\u00e3o.<\/p>\n<p>De acordo com o Decreto, onde a celebra\u00e7\u00e3o da bem-aventurada Virgem Maria, por norma do direito particular aprovado, j\u00e1 se celebra num dia diferente com grau lit\u00fargico mais elevado, pode continuar a ser celebrada desse modo.<\/p>\n<h2>A import\u00e2ncia do mist\u00e9rio<\/h2>\n<p>\u201cConsiderando a import\u00e2ncia do mist\u00e9rio da maternidade espiritual de Maria, que na espera do Esp\u00edrito no Pentecostes (cf. Act 1, 14), nunca mais parou de ocupar-se e de curar maternalmente da Igreja peregrina no tempo, o Papa Francisco estabeleceu que na Segunda-feira depois do Pentecostes, a Mem\u00f3ria de Maria M\u00e3e da Igreja seja obrigat\u00f3ria para toda a Igreja de Rito Romano\u201d, comentou o Card. Sarah.<\/p>\n<p>\u201cO desejo \u00e9 que esta celebra\u00e7\u00e3o, agora para toda a Igreja, recorde a todos os disc\u00edpulos de Cristo que, se queremos crescer e enchermo-nos do amor de Deus, \u00e9 preciso enraizar a nossa vida sobre tr\u00eas realidades: na Cruz, na H\u00f3stia e na Virgem \u2013 Crux, Hostia et Virgo. Estes s\u00e3o os tr\u00eas mist\u00e9rios que Deus deu ao mundo para estruturar, fecundar, santificar a nossa vida interior e para nos conduzir a Jesus Cristo. S\u00e3o tr\u00eas mist\u00e9rios a contemplar no sil\u00eancio.\u201d<\/p>\n<p><em>Mat\u00e9ria: Vatican News<\/em><\/p>\n<\/div>\n<\/article>\n<\/div>\n<\/div>\n","protected":false},"excerpt":{"rendered":"<p>Mem\u00f3ria de Maria, M\u00e3e da Igreja, ser\u00e1 celebra todos os anos na Segunda-feira depois de Pentecostes. Cidade do Vaticano &#8211; 3 de mar\u00e7o de 2018 Com um Decreto publicado este s\u00e1bado, 03 de mar\u00e7o, pela Congrega\u00e7\u00e3o do Culto Divino e da Disciplina dos Sacramentos, o Papa Francisco determinou a inscri\u00e7\u00e3o da Mem\u00f3ria da \u201cBem-aventurada Virgem, M\u00e3e da Igreja\u201d no Calend\u00e1rio Romano Geral. Esta mem\u00f3ria ser\u00e1 celebrada todos os anos na Segunda-feira depois de Pentecostes. O motivo da celebra\u00e7\u00e3o est\u00e1 brevemente descrito no Decreto &#8220;Ecclesia Mater&#8221;: favorecer o crescimento do sentido materno da Igreja nos Pastores, nos religiosos e nos fi\u00e9is,\u2026<\/p>\n","protected":false},"author":1,"featured_media":1032,"comment_status":"open","ping_status":"open","sticky":false,"template":"","format":"standard","meta":{"footnotes":""},"categories":[52],"tags":[174,175,164,147],"class_list":["post-1031","post","type-post","status-publish","format-standard","has-post-thumbnail","hentry","category-noticias","tag-igreja","tag-mae-da-igreja","tag-maria","tag-papa-francisco"],"blocksy_meta":{"styles_descriptor":{"styles":{"desktop":"","tablet":"","mobile":""},"google_fonts":[],"version":4}},"featured_image_urls":{"full":["https:\/\/wordpresswolf.woodwolf.com.br\/wp\/wp-content\/uploads\/2018\/03\/cq5dam.thumbnail.cropped.500.281.jpeg",500,281,false],"thumbnail":["https:\/\/wordpresswolf.woodwolf.com.br\/wp\/wp-content\/uploads\/2018\/03\/cq5dam.thumbnail.cropped.500.281-150x150.jpeg",150,150,true],"medium":["https:\/\/wordpresswolf.woodwolf.com.br\/wp\/wp-content\/uploads\/2018\/03\/cq5dam.thumbnail.cropped.500.281-300x169.jpeg",300,169,true],"medium_large":["https:\/\/wordpresswolf.woodwolf.com.br\/wp\/wp-content\/uploads\/2018\/03\/cq5dam.thumbnail.cropped.500.281.jpeg",500,281,false],"large":["https:\/\/wordpresswolf.woodwolf.com.br\/wp\/wp-content\/uploads\/2018\/03\/cq5dam.thumbnail.cropped.500.281.jpeg",500,281,false],"1536x1536":["https:\/\/wordpresswolf.woodwolf.com.br\/wp\/wp-content\/uploads\/2018\/03\/cq5dam.thumbnail.cropped.500.281.jpeg",500,281,false],"2048x2048":["https:\/\/wordpresswolf.woodwolf.com.br\/wp\/wp-content\/uploads\/2018\/03\/cq5dam.thumbnail.cropped.500.281.jpeg",500,281,false],"woocommerce_thumbnail":["https:\/\/wordpresswolf.woodwolf.com.br\/wp\/wp-content\/uploads\/2018\/03\/cq5dam.thumbnail.cropped.500.281-300x281.jpeg",300,281,true],"woocommerce_single":["https:\/\/wordpresswolf.woodwolf.com.br\/wp\/wp-content\/uploads\/2018\/03\/cq5dam.thumbnail.cropped.500.281.jpeg",500,281,false],"woocommerce_gallery_thumbnail":["https:\/\/wordpresswolf.woodwolf.com.br\/wp\/wp-content\/uploads\/2018\/03\/cq5dam.thumbnail.cropped.500.281-100x100.jpeg",100,100,true],"shop_catalog":["https:\/\/wordpresswolf.woodwolf.com.br\/wp\/wp-content\/uploads\/2018\/03\/cq5dam.thumbnail.cropped.500.281-300x281.jpeg",300,281,true],"shop_single":["https:\/\/wordpresswolf.woodwolf.com.br\/wp\/wp-content\/uploads\/2018\/03\/cq5dam.thumbnail.cropped.500.281.jpeg",500,281,false],"shop_thumbnail":["https:\/\/wordpresswolf.woodwolf.com.br\/wp\/wp-content\/uploads\/2018\/03\/cq5dam.thumbnail.cropped.500.281-100x100.jpeg",100,100,true]},"post_excerpt_stackable":"<p>Mem\u00f3ria de Maria, M\u00e3e da Igreja, ser\u00e1 celebra todos os anos na Segunda-feira depois de Pentecostes. Cidade do Vaticano &#8211; 3 de mar\u00e7o de 2018 Com um Decreto publicado este s\u00e1bado, 03 de mar\u00e7o, pela Congrega\u00e7\u00e3o do Culto Divino e da Disciplina dos Sacramentos, o Papa Francisco determinou a inscri\u00e7\u00e3o da Mem\u00f3ria da \u201cBem-aventurada Virgem, M\u00e3e da Igreja\u201d no Calend\u00e1rio Romano Geral. Esta mem\u00f3ria ser\u00e1 celebrada todos os anos na Segunda-feira depois de Pentecostes. O motivo da celebra\u00e7\u00e3o est\u00e1 brevemente descrito no Decreto &#8220;Ecclesia Mater&#8221;: favorecer o crescimento do sentido materno da Igreja nos Pastores, nos religiosos e nos fi\u00e9is,&hellip;<\/p>\n","category_list":"<a href=\"https:\/\/wordpresswolf.woodwolf.com.br\/wp\/category\/noticias\/\" rel=\"category tag\">Not\u00edcias<\/a>","author_info":{"name":"admin","url":"https:\/\/wordpresswolf.woodwolf.com.br\/wp\/author\/admin\/"},"comments_num":"0 coment\u00e1rio","featured_image_urls_v2":{"full":["https:\/\/wordpresswolf.woodwolf.com.br\/wp\/wp-content\/uploads\/2018\/03\/cq5dam.thumbnail.cropped.500.281.jpeg",500,281,false],"thumbnail":["https:\/\/wordpresswolf.woodwolf.com.br\/wp\/wp-content\/uploads\/2018\/03\/cq5dam.thumbnail.cropped.500.281-150x150.jpeg",150,150,true],"medium":["https:\/\/wordpresswolf.woodwolf.com.br\/wp\/wp-content\/uploads\/2018\/03\/cq5dam.thumbnail.cropped.500.281-300x169.jpeg",300,169,true],"medium_large":["https:\/\/wordpresswolf.woodwolf.com.br\/wp\/wp-content\/uploads\/2018\/03\/cq5dam.thumbnail.cropped.500.281.jpeg",500,281,false],"large":["https:\/\/wordpresswolf.woodwolf.com.br\/wp\/wp-content\/uploads\/2018\/03\/cq5dam.thumbnail.cropped.500.281.jpeg",500,281,false],"1536x1536":["https:\/\/wordpresswolf.woodwolf.com.br\/wp\/wp-content\/uploads\/2018\/03\/cq5dam.thumbnail.cropped.500.281.jpeg",500,281,false],"2048x2048":["https:\/\/wordpresswolf.woodwolf.com.br\/wp\/wp-content\/uploads\/2018\/03\/cq5dam.thumbnail.cropped.500.281.jpeg",500,281,false],"woocommerce_thumbnail":["https:\/\/wordpresswolf.woodwolf.com.br\/wp\/wp-content\/uploads\/2018\/03\/cq5dam.thumbnail.cropped.500.281-300x281.jpeg",300,281,true],"woocommerce_single":["https:\/\/wordpresswolf.woodwolf.com.br\/wp\/wp-content\/uploads\/2018\/03\/cq5dam.thumbnail.cropped.500.281.jpeg",500,281,false],"woocommerce_gallery_thumbnail":["https:\/\/wordpresswolf.woodwolf.com.br\/wp\/wp-content\/uploads\/2018\/03\/cq5dam.thumbnail.cropped.500.281-100x100.jpeg",100,100,true],"shop_catalog":["https:\/\/wordpresswolf.woodwolf.com.br\/wp\/wp-content\/uploads\/2018\/03\/cq5dam.thumbnail.cropped.500.281-300x281.jpeg",300,281,true],"shop_single":["https:\/\/wordpresswolf.woodwolf.com.br\/wp\/wp-content\/uploads\/2018\/03\/cq5dam.thumbnail.cropped.500.281.jpeg",500,281,false],"shop_thumbnail":["https:\/\/wordpresswolf.woodwolf.com.br\/wp\/wp-content\/uploads\/2018\/03\/cq5dam.thumbnail.cropped.500.281-100x100.jpeg",100,100,true]},"post_excerpt_stackable_v2":"<p>Mem\u00f3ria de Maria, M\u00e3e da Igreja, ser\u00e1 celebra todos os anos na Segunda-feira depois de Pentecostes. Cidade do Vaticano &#8211; 3 de mar\u00e7o de 2018 Com um Decreto publicado este s\u00e1bado, 03 de mar\u00e7o, pela Congrega\u00e7\u00e3o do Culto Divino e da Disciplina dos Sacramentos, o Papa Francisco determinou a inscri\u00e7\u00e3o da Mem\u00f3ria da \u201cBem-aventurada Virgem, M\u00e3e da Igreja\u201d no Calend\u00e1rio Romano Geral. Esta mem\u00f3ria ser\u00e1 celebrada todos os anos na Segunda-feira depois de Pentecostes. O motivo da celebra\u00e7\u00e3o est\u00e1 brevemente descrito no Decreto &#8220;Ecclesia Mater&#8221;: favorecer o crescimento do sentido materno da Igreja nos Pastores, nos religiosos e nos fi\u00e9is,&hellip;<\/p>\n","category_list_v2":"<a href=\"https:\/\/wordpresswolf.woodwolf.com.br\/wp\/category\/noticias\/\" rel=\"category tag\">Not\u00edcias<\/a>","author_info_v2":{"name":"admin","url":"https:\/\/wordpresswolf.woodwolf.com.br\/wp\/author\/admin\/"},"comments_num_v2":"0 coment\u00e1rio","_links":{"self":[{"href":"https:\/\/wordpresswolf.woodwolf.com.br\/wp\/wp-json\/wp\/v2\/posts\/1031","targetHints":{"allow":["GET"]}}],"collection":[{"href":"https:\/\/wordpresswolf.woodwolf.com.br\/wp\/wp-json\/wp\/v2\/posts"}],"about":[{"href":"https:\/\/wordpresswolf.woodwolf.com.br\/wp\/wp-json\/wp\/v2\/types\/post"}],"author":[{"embeddable":true,"href":"https:\/\/wordpresswolf.woodwolf.com.br\/wp\/wp-json\/wp\/v2\/users\/1"}],"replies":[{"embeddable":true,"href":"https:\/\/wordpresswolf.woodwolf.com.br\/wp\/wp-json\/wp\/v2\/comments?post=1031"}],"version-history":[{"count":0,"href":"https:\/\/wordpresswolf.woodwolf.com.br\/wp\/wp-json\/wp\/v2\/posts\/1031\/revisions"}],"wp:featuredmedia":[{"embeddable":true,"href":"https:\/\/wordpresswolf.woodwolf.com.br\/wp\/wp-json\/wp\/v2\/media\/1032"}],"wp:attachment":[{"href":"https:\/\/wordpresswolf.woodwolf.com.br\/wp\/wp-json\/wp\/v2\/media?parent=1031"}],"wp:term":[{"taxonomy":"category","embeddable":true,"href":"https:\/\/wordpresswolf.woodwolf.com.br\/wp\/wp-json\/wp\/v2\/categories?post=1031"},{"taxonomy":"post_tag","embeddable":true,"href":"https:\/\/wordpresswolf.woodwolf.com.br\/wp\/wp-json\/wp\/v2\/tags?post=1031"}],"curies":[{"name":"wp","href":"https:\/\/api.w.org\/{rel}","templated":true}]}}